{"id":108935,"date":"2019-09-25T16:35:41","date_gmt":"2019-09-25T20:35:41","guid":{"rendered":"https:\/\/www.mosaicedition.ca\/?p=108935"},"modified":"2019-09-25T16:51:33","modified_gmt":"2019-09-25T20:51:33","slug":"letter-liberals-call-on-andrew-scheer-to-denounce-cuts-to-francophones","status":"publish","type":"post","link":"https:\/\/mosaicedition.ca\/fr\/2019\/09\/25\/letter-liberals-call-on-andrew-scheer-to-denounce-cuts-to-francophones\/","title":{"rendered":"Lettre &#8211; Les lib\u00e9raux appellent Andrew Scheer \u00e0 d\u00e9noncer les coupes contre les francophones"},"content":{"rendered":"<p><em><strong>Les lib\u00e9raux appellent Andrew Scheer \u00e0 d\u00e9noncer les coupes de Doug Ford contre les francophones <\/strong><\/em><\/p>\n<p>Andrew Scheer<br \/>\nChef du Parti conservateur du Canada<br \/>\n1720-130 rue Albert<br \/>\nOttawa, ON<br \/>\nK1P 5G4<\/p>\n<p>M. Scheer,<\/p>\n<p>Aujourd\u2019hui, les francophones de l&rsquo;Ontario c\u00e9l\u00e8brent leur contribution remarquable \u00e0 la vie culturelle, sociale, \u00e9conomique et politique de notre pays depuis plus de 400 ans.<\/p>\n<p>Malheureusement, cette contribution est menac\u00e9e par les coupes draconiennes du gouvernement de Doug Ford dans les services offerts \u00e0 la communaut\u00e9 franco-ontarienne.<\/p>\n<p>Le Parti lib\u00e9ral du Canada est un fier d\u00e9fenseur des langues officielles et continuera de se tenir debout aux c\u00f4t\u00e9s des francophones dans la d\u00e9fense de leurs droits linguistiques. Notre bilan inclut\u00a0entre autres:<\/p>\n<ul>\n<li>Le Plan d&rsquo;action pour les langues officielles 2018-2023 qui inclut un investissement historique de 2,7 milliards de dollars<\/li>\n<li>Augmentation de 675 millions de dollars du financement de CBC\/Radio-Canada<\/li>\n<li>R\u00e9tablissement et modernisation du Programme de contestation judiciaire<\/li>\n<li>R\u00e9tablissement du formulaire long de recensement<\/li>\n<li>Nomination de juges bilingues \u00e0 la Cour supr\u00eame du Canada<\/li>\n<li>Priorisation de l&rsquo;immigration de francophone au Canada avec le lancement d&rsquo;une Strat\u00e9gie d&rsquo;immigration francophone<\/li>\n<li>Engagement \u00e0 moderniser la Loi sur les langues officielles<\/li>\n<\/ul>\n<p>Nous constatons tristement que vous n\u2019avez jamais eu le courage de d\u00e9noncer les attaques frontales de Doug Ford contre la communaut\u00e9 franco-ontarienne. En vous rangeant du c\u00f4t\u00e9 de Doug Ford, vous avez laiss\u00e9 tomber les francophones partout au pays.<\/p>\n<p>Aujourd\u2019hui, nous exigeons que vous d\u00e9nonciez une fois pour toutes les coupes massives de votre ami Doug Ford et que vous vous engagiez \u00e0 maintenir tous les investissements que nous avons fait pour soutenir les minorit\u00e9s linguistiques.<\/p>\n<p>En plus de d\u00e9noncer les coupes de M. Ford, nous vous sommons d\u2019expliquer aux Canadiens dans quels services vous comptez sabrer pour atteindre l\u2019\u00e9quilibre budg\u00e9taire. Les Franco-Ontariennes et les Franco-Ontariens ont raison de craindre le pire, car vous employez la m\u00eame recette que Doug Ford\u00a0: vous faites semblant d\u2019\u00eatre au service du vrai monde pendant les \u00e9lections, et une fois \u00e9lu, vous baisserez les imp\u00f4ts des riches et vous imposerez l\u2019aust\u00e9rit\u00e9 au reste de la population \u2013 et dans le cas pr\u00e9sent, ce sont les services pour les francophones qui \u00e9coperont.<\/p>\n<p><img loading=\"lazy\" decoding=\"async\" src=\"https:\/\/ecp.yusercontent.com\/mail?url=https%3A%2F%2Fgallery.mailchimp.com%2F0a2cd355b80dda266da11ac36%2Fimages%2F7c3abc68-3fa0-4a5e-9c71-e1e89b31021b.png&amp;t=1569443320&amp;ymreqid=54e9f7eb-9d45-cbdf-1cac-0d0001011400&amp;sig=L85oqbyRcx8k3F_mXMkIMQ--~C\" width=\"100\" height=\"42\" \/><br \/>\nMona Fortier,<br \/>\nCandidate lib\u00e9rale dans Ottawa-Vanier et co-pr\u00e9sidente de la plateforme nationale<\/p>\n<p><img loading=\"lazy\" decoding=\"async\" src=\"https:\/\/ecp.yusercontent.com\/mail?url=https%3A%2F%2Fgallery.mailchimp.com%2F0a2cd355b80dda266da11ac36%2Fimages%2Fbd85b23f-42d1-4776-96e4-eaed1f07fb46.png&amp;t=1569443320&amp;ymreqid=54e9f7eb-9d45-cbdf-1cac-0d0001011400&amp;sig=CLPaLzfgU0Vn0VQIr0OFFA--~C\" width=\"100\" height=\"34\" \/><br \/>\nMarie-France Lalonde<br \/>\nCandidate lib\u00e9rale dans Orl\u00e9ans<\/p>","protected":false},"excerpt":{"rendered":"<p>Les lib\u00e9raux appellent Andrew Scheer \u00e0 d\u00e9noncer les coupes de Doug Ford contre les francophones Andrew Scheer Chef du Parti conservateur du Canada 1720-130 rue Albert Ottawa, ON K1P 5G4 M. Scheer, Aujourd\u2019hui, les francophones de l&rsquo;Ontario c\u00e9l\u00e8brent leur contribution remarquable \u00e0 la vie culturelle, sociale, \u00e9conomique et politique de notre pays depuis plus de <\/p>\n","protected":false},"author":4,"featured_media":77264,"comment_status":"open","ping_status":"open","sticky":false,"template":"","format":"standard","meta":{"give_campaign_id":0,"footnotes":""},"categories":[2,21,19,45],"tags":[202],"aioseo_notices":[],"_links":{"self":[{"href":"https:\/\/mosaicedition.ca\/fr\/wp-json\/wp\/v2\/posts\/108935"}],"collection":[{"href":"https:\/\/mosaicedition.ca\/fr\/wp-json\/wp\/v2\/posts"}],"about":[{"href":"https:\/\/mosaicedition.ca\/fr\/wp-json\/wp\/v2\/types\/post"}],"author":[{"embeddable":true,"href":"https:\/\/mosaicedition.ca\/fr\/wp-json\/wp\/v2\/users\/4"}],"replies":[{"embeddable":true,"href":"https:\/\/mosaicedition.ca\/fr\/wp-json\/wp\/v2\/comments?post=108935"}],"version-history":[{"count":2,"href":"https:\/\/mosaicedition.ca\/fr\/wp-json\/wp\/v2\/posts\/108935\/revisions"}],"predecessor-version":[{"id":108937,"href":"https:\/\/mosaicedition.ca\/fr\/wp-json\/wp\/v2\/posts\/108935\/revisions\/108937"}],"wp:featuredmedia":[{"embeddable":true,"href":"https:\/\/mosaicedition.ca\/fr\/wp-json\/wp\/v2\/media\/77264"}],"wp:attachment":[{"href":"https:\/\/mosaicedition.ca\/fr\/wp-json\/wp\/v2\/media?parent=108935"}],"wp:term":[{"taxonomy":"category","embeddable":true,"href":"https:\/\/mosaicedition.ca\/fr\/wp-json\/wp\/v2\/categories?post=108935"},{"taxonomy":"post_tag","embeddable":true,"href":"https:\/\/mosaicedition.ca\/fr\/wp-json\/wp\/v2\/tags?post=108935"}],"curies":[{"name":"wp","href":"https:\/\/api.w.org\/{rel}","templated":true}]}}